{"id":186,"date":"2018-04-19T21:35:21","date_gmt":"2018-04-20T00:35:21","guid":{"rendered":"http:\/\/localhost\/apuaye\/apuaye\/?p=186"},"modified":"2019-04-04T00:06:18","modified_gmt":"2019-04-04T03:06:18","slug":"ciclo-2017-capacitacion-profesional","status":"publish","type":"post","link":"https:\/\/www.apuaye.org.ar\/web\/ciclo-2017-capacitacion-profesional\/","title":{"rendered":"CAPACITACI\u00d3N 2017"},"content":{"rendered":"<h1>CAPACITACI\u00d3N 2017<\/h1>\n<p><img loading=\"lazy\" decoding=\"async\" class=\"alignnone size-large wp-image-587\" src=\"..\/images\/CAPACITACION-2017-1024x529.jpg\" alt=\"\" width=\"1024\" height=\"529\"><\/p>\n<h3 class=\"subtituloCapacitacion\">CAPACITACI\u00d3N PROFESIONAL<\/h3>\n<div class=\"sedes_block\">\n<div class=\"col_x2_section sede01\">\n<h3>SECCIONAL CUYO<\/h3>\n<p>&#8211; En la ciudad de San Luis el 2 de junio de 2017, el <strong>Seminario: \u00abESCENARIOS de MEDIANO y LARGO PLAZO en el SECTOR EL\u00c9CTRICO\u00bb<\/strong> (ERNC, Energ\u00eda Solar y N\u00facleo El\u00e9ctrica, Eficiencia Energ\u00e9tica y Desarrollo Sustentable, Diversificaci\u00f3n de la Matriz Energ\u00e9tica, etc.).<br \/>\n<strong>Primer Panel:<\/strong> DESARROLLO ENERG\u00cdAS RENOVABLES NO CONVENCIONALES en SAN JUAN.<br \/>\n<strong>Segundo Panel:<\/strong> ENERG\u00cdA FOTOVOLTAICA. EFICIENCIA ENERG\u00c9TICA y DESARROLLO SUSTENTABLE.<br \/>\n<strong>Tercer Panel:<\/strong> GENERACI\u00d3N NUCLEOEL\u00c9CTRICA. DIVERSIFICACI\u00d3N de la MATRIZ ENERG\u00c9TICA.<br \/>\nCuarto Panel: PLANIFICACI\u00d3N ENERG\u00c9TICA en MENDOZA. EXPANSI\u00d3N del TRANSPORTE en SAN LUIS. Asistieron 136 participantes.<\/p>\n<p>&#8211; En la ciudad San Salvador de Jujuy (Prov. Jujuy) el 16 de noviembre de 2017, con auspicio de U.N. de JUJUY, se llev\u00f3 a cabo la <strong>\u201cJornada de Energ\u00eda\u201d<\/strong> trat\u00e1ndose los temas de <strong>Energ\u00edas Renovables no Convencionales; Proyectos-Realidades-Prospectiva<\/strong> (Escenarios Nacional y Regi\u00f3n NOA), Reflexiones.<\/p>\n<\/div>\n<div class=\"col_x2_section last sede01\">\n<h3>SECCIONAL LITORAL<\/h3>\n<p>&#8211; En la ciudad de Rosario (Prov. Santa Fe) el 29 de junio de 2017, en la UTN- Facultad Regional ROSARIO, el <strong>Seminario: \u00abHACIA UNA NUEVA MATRIZ ENERG\u00c9TICA\u00bb<\/strong> (Generaci\u00f3n E\u00f3lica, Eficiencia Energ\u00e9tica y Desarrollo Sustentable, Cambio Clim\u00e1tico, Fomento y Regulaci\u00f3n de ERNC, Peque\u00f1a Generaci\u00f3n Distribuida, Desarrollo Nuclear, etc.).<br \/>\n<strong>Panel 1:<\/strong> NUEVAS CENTRALES de GENERACI\u00d3N. EVOLUCI\u00d3N del SISTEMA de TRANSPORTE en ALTA TENSI\u00d3N SADI. GENERADORES E\u00d3LICOS (Funcionamiento e Impacto sobre la red)<br \/>\n<strong>Panel 2:<\/strong> EFICIENCIA ENERG\u00c9TICA Y DESARROLLO SUSTENTABLE. FOMENTO de las ENERG\u00cdAS RENOVABLES en E. R\u00cdOS. REGULACI\u00d3N para GENERACI\u00d3N DISTRIBUIDA RENOVABLE. PLAN NUCLEAR ARGENTINO.<br \/>\n<strong>Panel 3:<\/strong> EFICIENCIA ENERG\u00c9TICA en SIST. de ALUMBRADO P\u00daBLICO. ETIQUETADO DE VIVIENDAS. CAMBIO CLIM\u00c1TICO.<br \/>\nAsistieron 89 participantes.<\/p>\n<h3>SECCIONAL SUR<\/h3>\n<p>&#8211; En la ciudad de Neuqu\u00e9n (Prov. Neuqu\u00e9n) el 21 de septiembre de 2017, en la U.N. del COMAHUE, se realiz\u00f3 el <strong>Seminario \u201dNUEVA MATRIZ ENERG\u00c9TICA\u201d<\/strong> (Cambio Clim\u00e1tico, ERNC, Eficiencia energ\u00e9tica, Mini Aprovechamientos Hidroel\u00e9ctricos, Energ\u00eda Nuclear, Regulaci\u00f3n, etc.)<\/p>\n<\/div>\n<\/div>\n<h3 class=\"subtituloCapacitacion notFirst\">CAPACITACI\u00d3N GREMIAL<\/h3>\n<div class=\"sedes_block\">\n<div class=\"col_x2_section sede01\">\n<h3>SECCIONAL CENTRO<\/h3>\n<p>&#8211; En la ciudad de Almafuerte, Prov. de CORDOBA, se realiz\u00f3 un <strong>Curso<\/strong> sobre <strong>\u00abDERECHO COLECTIVO DEL TRABAJO\u00bb<\/strong>, dictado para afiliados de APUAYE por Profesores de la Facultad de Derecho de la Universidad Nacional de C\u00f3rdoba, en dos jornadas (los d\u00edas 22 de abril y 6 de mayo de 2017).<\/p>\n<h3>SECCIONAL LITORAL<\/h3>\n<p>&#8211; Paran\u00e1 (Prov. Entre R\u00edos) &#8211; 31 de agosto de 2017, se realiz\u00f3 un <strong>Taller de Capacitaci\u00f3n Gremial<\/strong> destinado a Dirigentes de la Seccional y Delegados del Personal, denominado <strong>\u201cLIDERAZGO ORGANIZACIONAL. Resoluci\u00f3n de conflictos y Comunicaci\u00f3n Efectiva\u201d.<\/strong><\/p>\n<\/div>\n<div class=\"col_x2_section last sede01\">\n<h3>SECCIONAL NOROESTE<\/h3>\n<p>&#8211; Organiz\u00f3 un <strong>\u00abTaller INSTITUCIONAL-GREMIAL Seccional NOA\u00bb<\/strong>, desdoblado en dos encuentros similares para distintas zonas de su \u00e1rea de influencia:<\/p>\n<p>a.) En la ciudad de San Miguel de TUCUM\u00c1N, para Delegados y afiliados con motivaci\u00f3n gremial de Tucum\u00e1n y Santiago de Estero. En dos jornadas de 8 hs. c\/u, los d\u00edas 18 y 19 de mayo de 2017.<\/p>\n<p>b.) En la ciudad de JUJUY, para Delegados y afiliados interesados en la acci\u00f3n gremial de Salta y Jujuy. Tambi\u00e9n en dos jornadas: 6 y 7 de junio de 2017.<\/p>\n<\/div>\n<\/div>\n","protected":false},"excerpt":{"rendered":"<p>CAPACITACI\u00d3N 2017 CAPACITACI\u00d3N PROFESIONAL SECCIONAL CUYO &#8211; En la ciudad de San Luis el 2 de junio de 2017, el Seminario: \u00abESCENARIOS de MEDIANO y LARGO PLAZO en el SECTOR EL\u00c9CTRICO\u00bb (ERNC, Energ\u00eda Solar y N\u00facleo El\u00e9ctrica, Eficiencia Energ\u00e9tica y Desarrollo Sustentable, Diversificaci\u00f3n de la Matriz Energ\u00e9tica, etc.). Primer Panel: DESARROLLO ENERG\u00cdAS RENOVABLES NO CONVENCIONALES [&hellip;]<\/p>\n","protected":false},"author":1,"featured_media":587,"comment_status":"closed","ping_status":"closed","sticky":false,"template":"","format":"standard","meta":{"_genesis_hide_title":false,"_genesis_hide_breadcrumbs":false,"_genesis_hide_singular_image":false,"_genesis_hide_footer_widgets":false,"_genesis_custom_body_class":"inner_page icape","_genesis_custom_post_class":"inner_post","_genesis_layout":"","footnotes":""},"categories":[5],"tags":[],"class_list":{"0":"post-186","1":"post","2":"type-post","3":"status-publish","4":"format-standard","5":"has-post-thumbnail","7":"category-icape","8":"entry","9":"inner_post"},"_links":{"self":[{"href":"https:\/\/www.apuaye.org.ar\/web\/wp-json\/wp\/v2\/posts\/186","targetHints":{"allow":["GET"]}}],"collection":[{"href":"https:\/\/www.apuaye.org.ar\/web\/wp-json\/wp\/v2\/posts"}],"about":[{"href":"https:\/\/www.apuaye.org.ar\/web\/wp-json\/wp\/v2\/types\/post"}],"author":[{"embeddable":true,"href":"https:\/\/www.apuaye.org.ar\/web\/wp-json\/wp\/v2\/users\/1"}],"replies":[{"embeddable":true,"href":"https:\/\/www.apuaye.org.ar\/web\/wp-json\/wp\/v2\/comments?post=186"}],"version-history":[{"count":19,"href":"https:\/\/www.apuaye.org.ar\/web\/wp-json\/wp\/v2\/posts\/186\/revisions"}],"predecessor-version":[{"id":651,"href":"https:\/\/www.apuaye.org.ar\/web\/wp-json\/wp\/v2\/posts\/186\/revisions\/651"}],"wp:featuredmedia":[{"embeddable":true,"href":"https:\/\/www.apuaye.org.ar\/web\/wp-json\/wp\/v2\/media\/587"}],"wp:attachment":[{"href":"https:\/\/www.apuaye.org.ar\/web\/wp-json\/wp\/v2\/media?parent=186"}],"wp:term":[{"taxonomy":"category","embeddable":true,"href":"https:\/\/www.apuaye.org.ar\/web\/wp-json\/wp\/v2\/categories?post=186"},{"taxonomy":"post_tag","embeddable":true,"href":"https:\/\/www.apuaye.org.ar\/web\/wp-json\/wp\/v2\/tags?post=186"}],"curies":[{"name":"wp","href":"https:\/\/api.w.org\/{rel}","templated":true}]}}